{"id":5012,"date":"2026-01-18T14:29:31","date_gmt":"2026-01-18T12:29:31","guid":{"rendered":"https:\/\/ethik-der-textkulturen.de\/etk\/?p=5012"},"modified":"2026-01-26T17:54:09","modified_gmt":"2026-01-26T15:54:09","slug":"infoveranstaltung-erlangen-fuer-die-letzte-bewerbungsrunde-fuer-den-ma","status":"publish","type":"post","link":"https:\/\/ethik-der-textkulturen.de\/etk\/infoveranstaltung-erlangen-fuer-die-letzte-bewerbungsrunde-fuer-den-ma\/","title":{"rendered":"30.01.26: Infoveranstaltung Erlangen f\u00fcr die letzte Bewerbungsrunde f\u00fcr den MA"},"content":{"rendered":"\n<figure class=\"wp-block-image size-large\"><img loading=\"lazy\" decoding=\"async\" width=\"750\" height=\"422\" src=\"https:\/\/ethik-der-textkulturen.de\/etk\/wp-content\/uploads\/2026\/01\/Header_InfoVeranstaltung-EdT-750-x-422-px-1-750x422.png\" alt=\"\" class=\"wp-image-5021\" srcset=\"https:\/\/ethik-der-textkulturen.de\/etk\/wp-content\/uploads\/2026\/01\/Header_InfoVeranstaltung-EdT-750-x-422-px-1-750x422.png 750w, https:\/\/ethik-der-textkulturen.de\/etk\/wp-content\/uploads\/2026\/01\/Header_InfoVeranstaltung-EdT-750-x-422-px-1-370x208.png 370w, https:\/\/ethik-der-textkulturen.de\/etk\/wp-content\/uploads\/2026\/01\/Header_InfoVeranstaltung-EdT-750-x-422-px-1-175x98.png 175w, https:\/\/ethik-der-textkulturen.de\/etk\/wp-content\/uploads\/2026\/01\/Header_InfoVeranstaltung-EdT-750-x-422-px-1-768x432.png 768w, https:\/\/ethik-der-textkulturen.de\/etk\/wp-content\/uploads\/2026\/01\/Header_InfoVeranstaltung-EdT-750-x-422-px-1-1536x864.png 1536w, https:\/\/ethik-der-textkulturen.de\/etk\/wp-content\/uploads\/2026\/01\/Header_InfoVeranstaltung-EdT-750-x-422-px-1-678x381.png 678w, https:\/\/ethik-der-textkulturen.de\/etk\/wp-content\/uploads\/2026\/01\/Header_InfoVeranstaltung-EdT-750-x-422-px-1.png 1875w\" sizes=\"(max-width: 750px) 100vw, 750px\" \/><\/figure>\n\n\n\n<p>Informationsveranstaltung f\u00fcr die letzte Bewerbungsrunde <\/p>\n\n\n\n<p><strong>Dein Master mit Wunschprofil in Erlangen &#8211; herzliche Einladung an Interessierte!<\/strong>&nbsp;<\/p>\n\n\n\n<p><em><strong>Ethik der Textkulturen<\/strong><\/em> ist ein innovativer und interdisziplin\u00e4rer Studiengang, der Literatur- und Sprachwissenschaften, Kulturgeschichte, Politikwissenschaft, Theologie und Philosophie vereint. Er reflektiert die vielf\u00e4ltigen Verschr\u00e4nkungen von Ethik, Textualit\u00e4t und Kultur in Vergangenheit und Gegenwart, Theorie und Lebenswelt.<\/p>\n\n\n\n<p>Die Leiterin des Studiengangs, <a href=\"https:\/\/www.germanistik.phil.fau.de\/faudir\/prof-dr-franziska-bergmann\/\" data-type=\"link\" data-id=\"https:\/\/www.germanistik.phil.fau.de\/faudir\/prof-dr-franziska-bergmann\/\">Prof. Dr. Franziska Bergmann<\/a>, stellt gemeinsam mit der Koordinatorin, Sarah D\u00f6nges, den Studiengang im Rahmen einer Informationsveranstaltung per Zoom f\u00fcr alle Interessierten f\u00fcr den Standort Erlangen vor. Auch die beiden Studiengangssprecher:innen werden dabei sein.<\/p>\n\n\n\n<p>Das erwartet Sie: Neben den Inhalten des Studiengangs und der Information \u00fcber Bewerbung und Zulassung soll auch auf besondere Lehrformen im Studiengang und das Mentorenprogramm eingegangen werden. Dar\u00fcber hinaus werden die M\u00f6glichkeit des Doppelstudiums und berufliche Perspektiven thematisiert. Abschlie\u00dfend gibt es noch gen\u00fcgend Raum f\u00fcr Fragen zum Studiengang.<\/p>\n\n\n\n<p>Die Veranstaltung findet am <strong>30.01.26<\/strong> ab\u00a0<strong>18:00 Uhr s.t.<\/strong>\u00a0unter <a href=\"https:\/\/fau.zoom-x.de\/j\/69141187282\" data-type=\"link\" data-id=\"https:\/\/fau.zoom-x.de\/j\/69141187282\">diesem Link via Zoom<\/a> statt. (Dauer etwa 45-60 Min).\u00a0Eine Anmeldung ist nicht n\u00f6tig.<\/p>\n\n\n\n<p>Alle Interessierten sind herzlich eingeladen!<\/p>\n\n\n\n<p>F\u00fcr Fragen und Allgemeines: Kontakt: <a href=\"mailto:sarah.doenges@fau.de\">sarah.doenges@fau.de<\/a><\/p>\n","protected":false},"excerpt":{"rendered":"<div class=\"mh-excerpt\"><p>Informationsveranstaltung f\u00fcr die letzte Bewerbungsrunde Dein Master mit Wunschprofil in Erlangen &#8211; herzliche Einladung an Interessierte!&nbsp; Ethik der Textkulturen ist ein innovativer und interdisziplin\u00e4rer Studiengang, <a class=\"mh-excerpt-more\" href=\"https:\/\/ethik-der-textkulturen.de\/etk\/infoveranstaltung-erlangen-fuer-die-letzte-bewerbungsrunde-fuer-den-ma\/\" title=\"30.01.26: Infoveranstaltung Erlangen f\u00fcr die letzte Bewerbungsrunde f\u00fcr den MA\">[&#8230;]<\/a><\/p>\n<\/div>","protected":false},"author":20,"featured_media":5018,"comment_status":"closed","ping_status":"closed","sticky":false,"template":"","format":"standard","meta":{"footnotes":""},"categories":[2,1],"tags":[],"_links":{"self":[{"href":"https:\/\/ethik-der-textkulturen.de\/etk\/wp-json\/wp\/v2\/posts\/5012"}],"collection":[{"href":"https:\/\/ethik-der-textkulturen.de\/etk\/wp-json\/wp\/v2\/posts"}],"about":[{"href":"https:\/\/ethik-der-textkulturen.de\/etk\/wp-json\/wp\/v2\/types\/post"}],"author":[{"embeddable":true,"href":"https:\/\/ethik-der-textkulturen.de\/etk\/wp-json\/wp\/v2\/users\/20"}],"replies":[{"embeddable":true,"href":"https:\/\/ethik-der-textkulturen.de\/etk\/wp-json\/wp\/v2\/comments?post=5012"}],"version-history":[{"count":7,"href":"https:\/\/ethik-der-textkulturen.de\/etk\/wp-json\/wp\/v2\/posts\/5012\/revisions"}],"predecessor-version":[{"id":5025,"href":"https:\/\/ethik-der-textkulturen.de\/etk\/wp-json\/wp\/v2\/posts\/5012\/revisions\/5025"}],"wp:featuredmedia":[{"embeddable":true,"href":"https:\/\/ethik-der-textkulturen.de\/etk\/wp-json\/wp\/v2\/media\/5018"}],"wp:attachment":[{"href":"https:\/\/ethik-der-textkulturen.de\/etk\/wp-json\/wp\/v2\/media?parent=5012"}],"wp:term":[{"taxonomy":"category","embeddable":true,"href":"https:\/\/ethik-der-textkulturen.de\/etk\/wp-json\/wp\/v2\/categories?post=5012"},{"taxonomy":"post_tag","embeddable":true,"href":"https:\/\/ethik-der-textkulturen.de\/etk\/wp-json\/wp\/v2\/tags?post=5012"}],"curies":[{"name":"wp","href":"https:\/\/api.w.org\/{rel}","templated":true}]}}