{"id":4958,"date":"2025-06-30T20:32:47","date_gmt":"2025-06-30T18:32:47","guid":{"rendered":"https:\/\/ethik-der-textkulturen.de\/etk\/?p=4958"},"modified":"2025-06-30T20:32:47","modified_gmt":"2025-06-30T18:32:47","slug":"entfall-der-ringvorlesung-am-2-juli-2025","status":"publish","type":"post","link":"https:\/\/ethik-der-textkulturen.de\/etk\/entfall-der-ringvorlesung-am-2-juli-2025\/","title":{"rendered":"Entfall der Ringvorlesung am 2. Juli 2025"},"content":{"rendered":"\n<figure class=\"wp-block-gallery has-nested-images columns-default is-cropped wp-block-gallery-1 is-layout-flex wp-block-gallery-is-layout-flex\">\n<figure class=\"wp-block-image size-large\"><img loading=\"lazy\" decoding=\"async\" width=\"750\" height=\"563\" data-id=\"4959\" src=\"https:\/\/ethik-der-textkulturen.de\/etk\/wp-content\/uploads\/2025\/06\/Beitragsbild-Website-Entfall-2.7-750x563.jpg\" alt=\"\" class=\"wp-image-4959\" srcset=\"https:\/\/ethik-der-textkulturen.de\/etk\/wp-content\/uploads\/2025\/06\/Beitragsbild-Website-Entfall-2.7-750x563.jpg 750w, https:\/\/ethik-der-textkulturen.de\/etk\/wp-content\/uploads\/2025\/06\/Beitragsbild-Website-Entfall-2.7-370x278.jpg 370w, https:\/\/ethik-der-textkulturen.de\/etk\/wp-content\/uploads\/2025\/06\/Beitragsbild-Website-Entfall-2.7-175x131.jpg 175w, https:\/\/ethik-der-textkulturen.de\/etk\/wp-content\/uploads\/2025\/06\/Beitragsbild-Website-Entfall-2.7-768x576.jpg 768w, https:\/\/ethik-der-textkulturen.de\/etk\/wp-content\/uploads\/2025\/06\/Beitragsbild-Website-Entfall-2.7-678x509.jpg 678w, https:\/\/ethik-der-textkulturen.de\/etk\/wp-content\/uploads\/2025\/06\/Beitragsbild-Website-Entfall-2.7-326x245.jpg 326w, https:\/\/ethik-der-textkulturen.de\/etk\/wp-content\/uploads\/2025\/06\/Beitragsbild-Website-Entfall-2.7-80x60.jpg 80w, https:\/\/ethik-der-textkulturen.de\/etk\/wp-content\/uploads\/2025\/06\/Beitragsbild-Website-Entfall-2.7.jpg 1024w\" sizes=\"(max-width: 750px) 100vw, 750px\" \/><\/figure>\n<\/figure>\n\n\n\n<p>Aufgrund der angek\u00fcndigten Temperaturen von bis zu 38 Grad entf\u00e4llt die Ringvorlesung am 2. Juli 2025. \u00dcber einen m\u00f6glichen Nachholtermin f\u00fcr den Vortrag von Prof. Dr. Kay Kirchmann informieren wir zeitnah.<\/p>\n","protected":false},"excerpt":{"rendered":"<div class=\"mh-excerpt\"><p>Aufgrund der angek\u00fcndigten Temperaturen von bis zu 38 Grad entf\u00e4llt die Ringvorlesung am 2. Juli 2025. \u00dcber einen m\u00f6glichen Nachholtermin f\u00fcr den Vortrag von Prof. Dr. Kay Kirchmann informieren wir zeitnah.<\/p>\n<\/div>","protected":false},"author":20,"featured_media":4959,"comment_status":"closed","ping_status":"closed","sticky":false,"template":"","format":"standard","meta":{"footnotes":""},"categories":[2,1],"tags":[],"_links":{"self":[{"href":"https:\/\/ethik-der-textkulturen.de\/etk\/wp-json\/wp\/v2\/posts\/4958"}],"collection":[{"href":"https:\/\/ethik-der-textkulturen.de\/etk\/wp-json\/wp\/v2\/posts"}],"about":[{"href":"https:\/\/ethik-der-textkulturen.de\/etk\/wp-json\/wp\/v2\/types\/post"}],"author":[{"embeddable":true,"href":"https:\/\/ethik-der-textkulturen.de\/etk\/wp-json\/wp\/v2\/users\/20"}],"replies":[{"embeddable":true,"href":"https:\/\/ethik-der-textkulturen.de\/etk\/wp-json\/wp\/v2\/comments?post=4958"}],"version-history":[{"count":1,"href":"https:\/\/ethik-der-textkulturen.de\/etk\/wp-json\/wp\/v2\/posts\/4958\/revisions"}],"predecessor-version":[{"id":4960,"href":"https:\/\/ethik-der-textkulturen.de\/etk\/wp-json\/wp\/v2\/posts\/4958\/revisions\/4960"}],"wp:featuredmedia":[{"embeddable":true,"href":"https:\/\/ethik-der-textkulturen.de\/etk\/wp-json\/wp\/v2\/media\/4959"}],"wp:attachment":[{"href":"https:\/\/ethik-der-textkulturen.de\/etk\/wp-json\/wp\/v2\/media?parent=4958"}],"wp:term":[{"taxonomy":"category","embeddable":true,"href":"https:\/\/ethik-der-textkulturen.de\/etk\/wp-json\/wp\/v2\/categories?post=4958"},{"taxonomy":"post_tag","embeddable":true,"href":"https:\/\/ethik-der-textkulturen.de\/etk\/wp-json\/wp\/v2\/tags?post=4958"}],"curies":[{"name":"wp","href":"https:\/\/api.w.org\/{rel}","templated":true}]}}