{"id":4915,"date":"2025-04-25T12:02:34","date_gmt":"2025-04-25T10:02:34","guid":{"rendered":"https:\/\/ethik-der-textkulturen.de\/etk\/?p=4915"},"modified":"2025-06-11T07:40:05","modified_gmt":"2025-06-11T05:40:05","slug":"ringvorlesung-meinungsfreiheit-kulturkaempfe-um-ein-menschenrecht-in-erlangen","status":"publish","type":"post","link":"https:\/\/ethik-der-textkulturen.de\/etk\/ringvorlesung-meinungsfreiheit-kulturkaempfe-um-ein-menschenrecht-in-erlangen\/","title":{"rendered":"Ringvorlesung &#8222;Meinungsfreiheit. Kulturk\u00e4mpfe um ein Menschenrecht&#8220;"},"content":{"rendered":"\n<figure class=\"wp-block-image size-large is-resized\"><img loading=\"lazy\" decoding=\"async\" width=\"530\" height=\"750\" src=\"https:\/\/ethik-der-textkulturen.de\/etk\/wp-content\/uploads\/2025\/06\/Ringvorlesung_Meinungsfreiheit_Plakat_A2_Neue-Logos-530x750.png\" alt=\"\" class=\"wp-image-4937\" style=\"width:839px;height:auto\" srcset=\"https:\/\/ethik-der-textkulturen.de\/etk\/wp-content\/uploads\/2025\/06\/Ringvorlesung_Meinungsfreiheit_Plakat_A2_Neue-Logos-530x750.png 530w, https:\/\/ethik-der-textkulturen.de\/etk\/wp-content\/uploads\/2025\/06\/Ringvorlesung_Meinungsfreiheit_Plakat_A2_Neue-Logos-262x370.png 262w, https:\/\/ethik-der-textkulturen.de\/etk\/wp-content\/uploads\/2025\/06\/Ringvorlesung_Meinungsfreiheit_Plakat_A2_Neue-Logos-124x175.png 124w, https:\/\/ethik-der-textkulturen.de\/etk\/wp-content\/uploads\/2025\/06\/Ringvorlesung_Meinungsfreiheit_Plakat_A2_Neue-Logos-768x1086.png 768w, https:\/\/ethik-der-textkulturen.de\/etk\/wp-content\/uploads\/2025\/06\/Ringvorlesung_Meinungsfreiheit_Plakat_A2_Neue-Logos-1086x1536.png 1086w, https:\/\/ethik-der-textkulturen.de\/etk\/wp-content\/uploads\/2025\/06\/Ringvorlesung_Meinungsfreiheit_Plakat_A2_Neue-Logos-1448x2048.png 1448w, https:\/\/ethik-der-textkulturen.de\/etk\/wp-content\/uploads\/2025\/06\/Ringvorlesung_Meinungsfreiheit_Plakat_A2_Neue-Logos.png 1786w\" sizes=\"(max-width: 530px) 100vw, 530px\" \/><\/figure>\n\n\n\n<p>Das Recht auf Meinungsfreiheit ist nicht nur ein Menschenrecht neben anderen Menschenrechten, sondern Voraussetzung daf\u00fcr, dass es so etwas wie Menschenrechte \u00fcberhaupt geben kann. Denn nur dort, wo Menschen die M\u00f6glichkeit haben, sich ohne Angst in der \u00d6ffentlichkeit zu Wort zu melden, kann sich eine Menschenrechtskultur entwickeln. Schon Kant w\u00fcrdigte die \u201eFreiheit der Feder\u201c als \u201edas einzige Palladium der Volksrechte\u201c. Zugleich ist die Meinungsfreiheit die Voraussetzung des demokratischen Diskurses.<\/p>\n\n\n\n<p>Ausgerechnet dieses \u201eklassische\u201c Menschenrecht steht derzeit mehr als je zuvor in den letzten Jahrzehnten zur Debatte. Laut Umfragen hat eine deutliche Mehrheit der Bev\u00f6lkerung in Deutschland das Gef\u00fchl, man k\u00f6nne hierzulande in der \u00d6ffentlichkeit nicht alles sagen. Viele haben Angst vor gesellschaftlichen Zensurmechanismen und immer schneller ablaufenden Skandalisierungen. Die Fragmentierung des \u00f6ffentlichen Diskursraums durch die so genannten sozialen Medien schreitet scheinbar unaufhaltsam voran, derweilen Zeitungen und andere traditionelle Medien sich in einer tiefen Strukturkrise befinden. Hass, Hetze und Desinformationskampagnen im Netz verlangen staatliche Gegenma\u00dfnahmen, die nur noch auf europ\u00e4ischer Ebene Chancen auf Wirksamkeit haben. Die Fragen, wie dies gelingen kann und wieweit man dabei gehen soll, sind l\u00e4ngst nicht gekl\u00e4rt. Auch die Rolle des Strafrechts \u2013 zum Schutz pers\u00f6nlicher Ehre oder beim Verbot der Volksverhetzung \u2013 wird neu diskutiert.<\/p>\n\n\n\n<p>Die Ringvorlesung richtet sich an alle Interessierten innerhalb und au\u00dferhalb der FAU. Die Dozentinnen und Dozenten repr\u00e4sentieren unterschiedliche F\u00e4cher, etwa Medienethik, Medienp\u00e4dagogik, \u00f6ffentliches Recht, Strafrecht, Geschichte, Politikwissenschaft, Soziologie, Germanistik, Sinologie und Philosophie. Im Nachgang zu den Vortr\u00e4gen ist stets Gelegenheit f\u00fcr eine offene Aussprache gegeben.<\/p>\n\n\n\n<p>Die Ringvorlesung wird veranstaltet vom \u201eCenter for Human Rights Erlangen-N\u00fcrnberg\u201c, dem Studiengang \u201eEthik der Textkulturen\u201c, der Volkshochschule Erlangen und der Stadtbibliothek Erlangen.<\/p>\n\n\n\n<p>Alle sind herzlich eingeladen; eine Anmeldung ist nicht erforderlich. &nbsp;&nbsp;<\/p>\n\n\n\n<p><strong>Ort und Zeit<\/strong>: ab dem 14. Mai immer <strong>Mittwochs ab 18.15 Uhr<\/strong> im <strong>Senatssaal des Kollegienhauses<\/strong><\/p>\n","protected":false},"excerpt":{"rendered":"<div class=\"mh-excerpt\"><p>Das Recht auf Meinungsfreiheit ist nicht nur ein Menschenrecht neben anderen Menschenrechten, sondern Voraussetzung daf\u00fcr, dass es so etwas wie Menschenrechte \u00fcberhaupt geben kann. [&#8230;]<\/p>\n<\/div>","protected":false},"author":20,"featured_media":4916,"comment_status":"closed","ping_status":"closed","sticky":false,"template":"","format":"standard","meta":{"footnotes":""},"categories":[2,1],"tags":[],"_links":{"self":[{"href":"https:\/\/ethik-der-textkulturen.de\/etk\/wp-json\/wp\/v2\/posts\/4915"}],"collection":[{"href":"https:\/\/ethik-der-textkulturen.de\/etk\/wp-json\/wp\/v2\/posts"}],"about":[{"href":"https:\/\/ethik-der-textkulturen.de\/etk\/wp-json\/wp\/v2\/types\/post"}],"author":[{"embeddable":true,"href":"https:\/\/ethik-der-textkulturen.de\/etk\/wp-json\/wp\/v2\/users\/20"}],"replies":[{"embeddable":true,"href":"https:\/\/ethik-der-textkulturen.de\/etk\/wp-json\/wp\/v2\/comments?post=4915"}],"version-history":[{"count":11,"href":"https:\/\/ethik-der-textkulturen.de\/etk\/wp-json\/wp\/v2\/posts\/4915\/revisions"}],"predecessor-version":[{"id":4939,"href":"https:\/\/ethik-der-textkulturen.de\/etk\/wp-json\/wp\/v2\/posts\/4915\/revisions\/4939"}],"wp:featuredmedia":[{"embeddable":true,"href":"https:\/\/ethik-der-textkulturen.de\/etk\/wp-json\/wp\/v2\/media\/4916"}],"wp:attachment":[{"href":"https:\/\/ethik-der-textkulturen.de\/etk\/wp-json\/wp\/v2\/media?parent=4915"}],"wp:term":[{"taxonomy":"category","embeddable":true,"href":"https:\/\/ethik-der-textkulturen.de\/etk\/wp-json\/wp\/v2\/categories?post=4915"},{"taxonomy":"post_tag","embeddable":true,"href":"https:\/\/ethik-der-textkulturen.de\/etk\/wp-json\/wp\/v2\/tags?post=4915"}],"curies":[{"name":"wp","href":"https:\/\/api.w.org\/{rel}","templated":true}]}}