{"id":4547,"date":"2024-01-11T22:47:34","date_gmt":"2024-01-11T20:47:34","guid":{"rendered":"https:\/\/ethik-der-textkulturen.de\/etk\/?p=4547"},"modified":"2024-01-11T22:47:34","modified_gmt":"2024-01-11T20:47:34","slug":"job-day-mit-katharina-muschiol-aus-dem-droemer-knaur-verlag-am-6-februar-2024","status":"publish","type":"post","link":"https:\/\/ethik-der-textkulturen.de\/etk\/job-day-mit-katharina-muschiol-aus-dem-droemer-knaur-verlag-am-6-februar-2024\/","title":{"rendered":"Job Day mit Katharina Muschiol aus dem Droemer Knaur-Verlag am 6. Februar 2024"},"content":{"rendered":"\n<figure class=\"wp-block-image size-large is-resized\"><img loading=\"lazy\" decoding=\"async\" src=\"https:\/\/ethik-der-textkulturen.de\/etk\/wp-content\/uploads\/2024\/01\/Beitragsbild-Website-1-750x563.jpg\" alt=\"\" class=\"wp-image-4562\" width=\"840\" height=\"631\" srcset=\"https:\/\/ethik-der-textkulturen.de\/etk\/wp-content\/uploads\/2024\/01\/Beitragsbild-Website-1-750x563.jpg 750w, https:\/\/ethik-der-textkulturen.de\/etk\/wp-content\/uploads\/2024\/01\/Beitragsbild-Website-1-370x278.jpg 370w, https:\/\/ethik-der-textkulturen.de\/etk\/wp-content\/uploads\/2024\/01\/Beitragsbild-Website-1-175x131.jpg 175w, https:\/\/ethik-der-textkulturen.de\/etk\/wp-content\/uploads\/2024\/01\/Beitragsbild-Website-1-768x576.jpg 768w, https:\/\/ethik-der-textkulturen.de\/etk\/wp-content\/uploads\/2024\/01\/Beitragsbild-Website-1-678x509.jpg 678w, https:\/\/ethik-der-textkulturen.de\/etk\/wp-content\/uploads\/2024\/01\/Beitragsbild-Website-1-326x245.jpg 326w, https:\/\/ethik-der-textkulturen.de\/etk\/wp-content\/uploads\/2024\/01\/Beitragsbild-Website-1-80x60.jpg 80w, https:\/\/ethik-der-textkulturen.de\/etk\/wp-content\/uploads\/2024\/01\/Beitragsbild-Website-1.jpg 1024w\" sizes=\"(max-width: 840px) 100vw, 840px\" \/><\/figure>\n\n\n\n<p>Im vergangenen Semester haben wir den \u201eJob Day\u201c ins Leben gerufen, bei dem wir mit Absolventinnen und Absolventen unseres Studiengangs \u00fcber ihren Weg ins Berufsleben ins Gespr\u00e4ch kommen wollen.<\/p>\n\n\n\n<p>Dieses Semester berichtet Katharina Muschiol (FAU Erlangen-N\u00fcrnberg) \u00fcber ihren Arbeitsalltag im Verlagswesen. Sie arbeitet momentan in M\u00fcnchen beim Droemer Knaur-Verlag im Sachbuch-Lektorat und wird \u00fcber ihre T\u00e4tigkeiten berichten, die unter anderem die Akquise und Betreuung neuer Autorinnen und Autoren, Projektplanung, Projektmanagement und Beteiligung an der Buchproduktion umfassen. Anschlie\u00dfend ist gen\u00fcgend Zeit f\u00fcr Fragen und einen gemeinsamen Austausch \u00fcber Arbeitsperspektiven im Verlagswesen.<\/p>\n\n\n\n<p>Wir treffen uns <strong>ab 18:15 Uhr<\/strong> in der Bismarckstra\u00dfe 1 in <strong>Raum B4A1<\/strong>. Wer nicht vor Ort dabei sein kann, kann unter <a href=\"https:\/\/fau.zoom-x.de\/j\/63354832035\">diesem Link<\/a> auch \u00fcber Zoom teilnehmen. Eine vorherige Anmeldung ist nicht n\u00f6tig.<\/p>\n","protected":false},"excerpt":{"rendered":"<div class=\"mh-excerpt\"><p>Im vergangenen Semester haben wir den \u201eJob Day\u201c ins Leben gerufen, bei dem wir mit Absolventinnen und Absolventen unseres Studiengangs \u00fcber ihren Weg ins Berufsleben ins Gespr\u00e4ch kommen wollen. Dieses Semester berichtet Katharina Muschiol (FAU Erlangen-N\u00fcrnberg) \u00fcber ihren Arbeitsalltag im Verlagswesen. [&#8230;]<\/p>\n<\/div>","protected":false},"author":20,"featured_media":4562,"comment_status":"closed","ping_status":"closed","sticky":false,"template":"","format":"standard","meta":{"footnotes":""},"categories":[2,1],"tags":[],"_links":{"self":[{"href":"https:\/\/ethik-der-textkulturen.de\/etk\/wp-json\/wp\/v2\/posts\/4547"}],"collection":[{"href":"https:\/\/ethik-der-textkulturen.de\/etk\/wp-json\/wp\/v2\/posts"}],"about":[{"href":"https:\/\/ethik-der-textkulturen.de\/etk\/wp-json\/wp\/v2\/types\/post"}],"author":[{"embeddable":true,"href":"https:\/\/ethik-der-textkulturen.de\/etk\/wp-json\/wp\/v2\/users\/20"}],"replies":[{"embeddable":true,"href":"https:\/\/ethik-der-textkulturen.de\/etk\/wp-json\/wp\/v2\/comments?post=4547"}],"version-history":[{"count":6,"href":"https:\/\/ethik-der-textkulturen.de\/etk\/wp-json\/wp\/v2\/posts\/4547\/revisions"}],"predecessor-version":[{"id":4564,"href":"https:\/\/ethik-der-textkulturen.de\/etk\/wp-json\/wp\/v2\/posts\/4547\/revisions\/4564"}],"wp:featuredmedia":[{"embeddable":true,"href":"https:\/\/ethik-der-textkulturen.de\/etk\/wp-json\/wp\/v2\/media\/4562"}],"wp:attachment":[{"href":"https:\/\/ethik-der-textkulturen.de\/etk\/wp-json\/wp\/v2\/media?parent=4547"}],"wp:term":[{"taxonomy":"category","embeddable":true,"href":"https:\/\/ethik-der-textkulturen.de\/etk\/wp-json\/wp\/v2\/categories?post=4547"},{"taxonomy":"post_tag","embeddable":true,"href":"https:\/\/ethik-der-textkulturen.de\/etk\/wp-json\/wp\/v2\/tags?post=4547"}],"curies":[{"name":"wp","href":"https:\/\/api.w.org\/{rel}","templated":true}]}}