{"id":4423,"date":"2023-11-03T17:43:02","date_gmt":"2023-11-03T15:43:02","guid":{"rendered":"https:\/\/ethik-der-textkulturen.de\/etk\/?p=4423"},"modified":"2023-11-03T19:11:59","modified_gmt":"2023-11-03T17:11:59","slug":"fuenf-vor-zwoelf-mit-dr-sebastian-kubon-am-1-dezember-2023","status":"publish","type":"post","link":"https:\/\/ethik-der-textkulturen.de\/etk\/fuenf-vor-zwoelf-mit-dr-sebastian-kubon-am-1-dezember-2023\/","title":{"rendered":"\u201ef\u00fcnf vor zw\u00f6lf\u201c mit Dr. Sebastian Kubon am 1. Dezember 2023"},"content":{"rendered":"\n<figure class=\"wp-block-image size-large\"><img loading=\"lazy\" decoding=\"async\" width=\"1080\" height=\"720\" src=\"https:\/\/ethik-der-textkulturen.de\/etk\/wp-content\/uploads\/2023\/11\/Ethik-der-Textkulturen4-edited.jpg\" alt=\"\" class=\"wp-image-4495\" srcset=\"https:\/\/ethik-der-textkulturen.de\/etk\/wp-content\/uploads\/2023\/11\/Ethik-der-Textkulturen4-edited.jpg 1080w, https:\/\/ethik-der-textkulturen.de\/etk\/wp-content\/uploads\/2023\/11\/Ethik-der-Textkulturen4-edited-370x247.jpg 370w, https:\/\/ethik-der-textkulturen.de\/etk\/wp-content\/uploads\/2023\/11\/Ethik-der-Textkulturen4-edited-750x500.jpg 750w, https:\/\/ethik-der-textkulturen.de\/etk\/wp-content\/uploads\/2023\/11\/Ethik-der-Textkulturen4-edited-175x117.jpg 175w, https:\/\/ethik-der-textkulturen.de\/etk\/wp-content\/uploads\/2023\/11\/Ethik-der-Textkulturen4-edited-768x512.jpg 768w\" sizes=\"(max-width: 1080px) 100vw, 1080px\" \/><\/figure>\n\n\n\n<p>In der aktuellen Ausgabe von \u201ef\u00fcnf vor zw\u00f6lf\u201c f\u00fchren wir ein Gespr\u00e4ch mit Dr. Sebastian Kubon, der im Nachgang zur Twitter-Debatte zu&nbsp;#IchBinHanna&nbsp;zusammen mit Jun.Prof. Dr.&nbsp;Amrei Bahr&nbsp;und PD Dr.&nbsp;Kristin Eichhorn&nbsp;eine Streitschrift zum Thema \u201ePrek\u00e4re Wissenschaft in Deutschland\u201c ver\u00f6ffentlicht hat&nbsp;(Edition&nbsp;Suhrkamp, 2022). Wir sprechen \u00fcber die&nbsp;schwierige Stellung des wissenschaftlichen Nachwuchses im aktuellen Hochschulsystem, die Hintergr\u00fcnde der aktuellen Lage&nbsp;und die&nbsp;Rolle, die das&nbsp;Wissenschaftszeitvertragsgesetz dabei spielt. Gemeinsam wollen wir \u00fcber die&nbsp;Folgen der derzeitigen Praxis f\u00fcr den Wissenschaftsstandort Deutschland und&nbsp;Alternativen zum aktuellen Status Quo diskutieren.&nbsp;<\/p>\n\n\n\n<p>Im Anschluss an das Gespr\u00e4ch wird es wieder die M\u00f6glichkeit geben, direkt mit unserem Gast ins Gespr\u00e4ch zu kommen. Die Veranstaltung ist \u00f6ffentlich zug\u00e4nglich und die Einladung kann gerne an alle Interessierten weitergegeben werden.<\/p>\n\n\n\n<p>Das Gespr\u00e4ch findet am <strong>1. Dezember 2023 ab 11:55 Uhr<\/strong> unter <a href=\"https:\/\/fau.zoom-x.de\/j\/69122054624\" data-type=\"URL\" data-id=\"https:\/\/fau.zoom-x.de\/j\/69122054624\">diesem Link<\/a> \u00fcber Zoom statt.<\/p>\n\n\n\n<div class=\"wp-block-media-text alignwide is-stacked-on-mobile\" style=\"grid-template-columns:40% auto\"><figure class=\"wp-block-media-text__media\"><img loading=\"lazy\" decoding=\"async\" width=\"750\" height=\"750\" src=\"https:\/\/ethik-der-textkulturen.de\/etk\/wp-content\/uploads\/2021\/06\/5vor12_Logo1-750x750.png\" alt=\"\" class=\"wp-image-3480 size-full\" srcset=\"https:\/\/ethik-der-textkulturen.de\/etk\/wp-content\/uploads\/2021\/06\/5vor12_Logo1-750x750.png 750w, https:\/\/ethik-der-textkulturen.de\/etk\/wp-content\/uploads\/2021\/06\/5vor12_Logo1-370x370.png 370w, https:\/\/ethik-der-textkulturen.de\/etk\/wp-content\/uploads\/2021\/06\/5vor12_Logo1-175x175.png 175w, https:\/\/ethik-der-textkulturen.de\/etk\/wp-content\/uploads\/2021\/06\/5vor12_Logo1-768x768.png 768w, https:\/\/ethik-der-textkulturen.de\/etk\/wp-content\/uploads\/2021\/06\/5vor12_Logo1-1536x1536.png 1536w, https:\/\/ethik-der-textkulturen.de\/etk\/wp-content\/uploads\/2021\/06\/5vor12_Logo1.png 2000w\" sizes=\"(max-width: 750px) 100vw, 750px\" \/><\/figure><div class=\"wp-block-media-text__content\">\n<p>Im Rahmen der Reihe <strong>\u201ef\u00fcnf vor zw\u00f6lf\u201c<\/strong> wollen wir kritische und nachhaltige Diskussionen zu aktuellen Problemlagen f\u00fchren. Wichtige Zeugen unserer Zeit werden eingeladen, Stellung zu beziehen, aufzur\u00fctteln, aber auch Hintergr\u00fcnde zu beleuchten, Zusammenh\u00e4nge zu reflektieren und vielleicht auch Visionen zu formulieren. Die Vortr\u00e4ge werden auch f\u00fcr einen <a rel=\"noreferrer noopener\" href=\"https:\/\/ethik-der-textkulturen.de\/etk\/medien\/podcast-fuenf-vor-zwoelf\/\" target=\"_blank\">Podcast<\/a> aufgezeichnet.<\/p>\n<\/div><\/div>\n","protected":false},"excerpt":{"rendered":"<div class=\"mh-excerpt\"><p>In der aktuellen Ausgabe von \u201ef\u00fcnf vor zw\u00f6lf\u201c f\u00fchren wir ein Gespr\u00e4ch mit Dr. Sebastian Kubon, der im Nachgang zur Twitter-Debatte zu\u00a0#IchBinHanna\u00a0zusammen mit [&#8230;]<\/p>\n<\/div>","protected":false},"author":20,"featured_media":4503,"comment_status":"closed","ping_status":"closed","sticky":false,"template":"","format":"standard","meta":{"footnotes":""},"categories":[2,1],"tags":[],"_links":{"self":[{"href":"https:\/\/ethik-der-textkulturen.de\/etk\/wp-json\/wp\/v2\/posts\/4423"}],"collection":[{"href":"https:\/\/ethik-der-textkulturen.de\/etk\/wp-json\/wp\/v2\/posts"}],"about":[{"href":"https:\/\/ethik-der-textkulturen.de\/etk\/wp-json\/wp\/v2\/types\/post"}],"author":[{"embeddable":true,"href":"https:\/\/ethik-der-textkulturen.de\/etk\/wp-json\/wp\/v2\/users\/20"}],"replies":[{"embeddable":true,"href":"https:\/\/ethik-der-textkulturen.de\/etk\/wp-json\/wp\/v2\/comments?post=4423"}],"version-history":[{"count":38,"href":"https:\/\/ethik-der-textkulturen.de\/etk\/wp-json\/wp\/v2\/posts\/4423\/revisions"}],"predecessor-version":[{"id":4496,"href":"https:\/\/ethik-der-textkulturen.de\/etk\/wp-json\/wp\/v2\/posts\/4423\/revisions\/4496"}],"wp:featuredmedia":[{"embeddable":true,"href":"https:\/\/ethik-der-textkulturen.de\/etk\/wp-json\/wp\/v2\/media\/4503"}],"wp:attachment":[{"href":"https:\/\/ethik-der-textkulturen.de\/etk\/wp-json\/wp\/v2\/media?parent=4423"}],"wp:term":[{"taxonomy":"category","embeddable":true,"href":"https:\/\/ethik-der-textkulturen.de\/etk\/wp-json\/wp\/v2\/categories?post=4423"},{"taxonomy":"post_tag","embeddable":true,"href":"https:\/\/ethik-der-textkulturen.de\/etk\/wp-json\/wp\/v2\/tags?post=4423"}],"curies":[{"name":"wp","href":"https:\/\/api.w.org\/{rel}","templated":true}]}}