{"id":2797,"date":"2019-12-06T14:41:29","date_gmt":"2019-12-06T12:41:29","guid":{"rendered":"http:\/\/ethik-msc.phil.uni-augsburg.de\/?p=2635"},"modified":"2020-04-03T16:54:57","modified_gmt":"2020-04-03T14:54:57","slug":"bericht-die-lange-nacht-der-wissenschaften","status":"publish","type":"post","link":"https:\/\/ethik-der-textkulturen.de\/etk\/bericht-die-lange-nacht-der-wissenschaften\/","title":{"rendered":"Bericht: Die Lange Nacht der Wissenschaften 2019"},"content":{"rendered":"\n<div style=\"height:100px\" aria-hidden=\"true\" class=\"wp-block-spacer\"><\/div>\n\n\n\n<h3 class=\"has-vivid-cyan-blue-color has-text-color has-text-align-center wp-block-heading\"><strong>&nbsp;<\/strong><a href=\"https:\/\/ethik-der-textkulturen.de\/etk\/wp-content\/uploads\/2019\/10\/Plakat_2.jpg\"><img loading=\"lazy\" decoding=\"async\" class=\"wp-image-2530 size-medium alignright\" src=\"https:\/\/ethik-der-textkulturen.de\/etk\/wp-content\/uploads\/2019\/10\/Plakat_2-254x370.jpg\" alt=\"\" width=\"254\" height=\"370\"><\/a><strong>Kulturen im Dialog<\/strong><\/h3>\n\n\n\n<p>Unter dem Motto &#8222;Kulturen im Dialog&#8220; gestalteten vier Studierende des Masterstudiengangs Ethik der Textkulturen unter Betreuung von Eva Forrester einen Beitrag zur Langen Nacht der Wissenschaften, die am 19. Oktober 2019 stattfand.<\/p>\n\n\n\n<p>Das Projekt wurde in Zusammenarbeit mit FAU Integra, dem TANDEM-Projekt, der Refugee Law Clinic, dem Centre for Human Rights und dem Zentralinstitut f\u00fcr Regionenforschung umgesetzt.<\/p>\n\n\n\n<p>Innerhalb der Veranstaltung gab es drei gro\u00dfe Themenschwerpunkte, die mit einer multimedialen Ausstellung zum Thema Flucht, Asyl und Integration, einer studentischen Vortragsreihe zum kulturellen Austausch und einem Raum f\u00fcr interkulturelle Begegnungen realisiert wurden.<\/p>\n\n\n\n<div style=\"height:20px\" aria-hidden=\"true\" class=\"wp-block-spacer\"><\/div>\n\n\n\n<h3 class=\"has-vivid-cyan-blue-color has-text-color has-text-align-center wp-block-heading\"><strong>Die multimediale Ausstellung <\/strong><\/h3>\n\n\n\n<p>In drei verschiedenen R\u00e4umen wurden die Themenbereiche Fluchtursachen, Fluchtrouten und Ankunft sowie Begegnung pr\u00e4sentiert. Mittels einer multimedialen Pr\u00e4sentation konnte man sich selbstst\u00e4ndig \u00fcber den Fl\u00fcchtlingsbegriff und die Fluchtursachen in verschiedenen Herkunftsl\u00e4ndern informieren. Ferner lernte man Fluchtrouten, das deutsche Asylverfahren und die politischen Dimensionen des Asylbegriffs kennen. In pers\u00f6nlichen Begegnungen mit Gefl\u00fcchteten waren Geschichten der Flucht aus erster Hand zu erfahren.<\/p>\n\n\n\n<div style=\"height:20px\" aria-hidden=\"true\" class=\"wp-block-spacer\"><\/div>\n\n\n\n<div class=\"wp-block-image\"><figure class=\"alignright\"><a href=\"https:\/\/ethik-der-textkulturen.de\/etk\/wp-content\/uploads\/2019\/10\/Plakat.jpg\"><img decoding=\"async\" src=\"https:\/\/ethik-der-textkulturen.de\/etk\/wp-content\/uploads\/2019\/10\/Plakat-237x370.jpg\" alt=\"\" class=\"wp-image-2529\"\/><\/a><\/figure><\/div>\n\n\n\n<h3 class=\"has-vivid-cyan-blue-color has-text-color has-text-align-center wp-block-heading\"><strong>Die studentische Vortragsreihe<\/strong><\/h3>\n\n\n\n<p>Die Vortragsreihe konzentrierte sich auf das breit gef\u00e4cherte Spektrum von Kultur und kulturellem Austausch.&nbsp;<strong>&nbsp;<\/strong><\/p>\n\n\n\n<p><em>Katharina Muschiol:<\/em><strong> Was ist eigentlich kulturelle Identit\u00e4t? \u2013 Positionen aus den Geisteswissenschaften zu einem Konzept des kulturellen Miteinanders<\/strong><br>Kulturelle Identit\u00e4t bestimmt unser Miteinander und ist gleichzeitig auch das, was die \u00f6ffentliche Debatte um Flucht und Migration \u00fcberspannt. Der Vortrag beleuchtet Positionen aus der Soziologie, der Kulturtheorie und der Philosophie, die den breiten Horizont dieses Begriffes nachzeichnen. Das Konzept der Identit\u00e4t genauso wie die der Alterit\u00e4t und der Interkulturalit\u00e4t werden aufgegriffen und erl\u00e4utert.<\/p>\n\n\n\n<p><em>Oliver Regn: <\/em><strong>Unserdeutsch \u2013 \u00dcber die letzten Sprecher von Rabaul Creole German in Papua-Neuguinea\/Australien <\/strong><br>Unserdeutsch, eine Mischung aus Tok Pisin und Deutsch, ist eine aussterbende Kreolsprache. Etwa zur Zeit der Wende vom 19. zum 20. Jahrhundert entwickelten die Vorfahren der letzten verbliebenen Sprecher Unserdeutsch&nbsp; im heutigen Papua-Neuguinea. Es waren &#8222;Mischlingskinder&#8220;, gesellschaftlich Ausgesto\u00dfene, die in Missionarsschulen in der Sprache der deutschen Kolonialherren unterrichtet wurden. Zur Festigung einer eigenen Gruppenidentit\u00e4t schufen die Kinder Unserdeutsch. Es benutzt den Wortschatz des Deutschen und verwendet ihn mit der Grammatik des Tok Pisins als Basis. Als &#8222;schlechtes Deutsch&#8220; war es verp\u00f6nt, allerdings handelt es sich hier um ein eigenes System, das mit grammatischen Mitteln beschrieben werden kann und als eigene Sprache gelten darf. Heutzutage wird Unserdeutsch nur noch in einer gealterten Community von weniger als 100 Menschen, die gr\u00f6\u00dftenteils in Australien lebt, gesprochen. Doch stellt die Sprache ein wichtiges Zeugnis des kulturellen Einflusses der deutschen Sprache in der Welt dar.<\/p>\n\n\n\n<p><em>Sarah Seeger: <\/em><strong>Emojis als interkulturelles Kommunikationsmittel<\/strong><br>Die Emoji-Bildzeichen sind inzwischen fester Bestandteil unserer internetbasierten informellen Kommunikation. Mit ihnen l\u00e4sst sich Sprache nicht nur &#8222;ersetzen&#8220;, sondern um ein wichtiges Merkmal erweitern: die nonverbale und paraverbale Kommunikation. Dadurch wird diese Art der textbasierten Kommunikation auf die Ebene der Face-to-Face-Kommunikation verschoben und vermag somit, mangelnde sprachliche Ausdrucksm\u00f6glichkeiten durch Bildhaftigkeit zu kompensieren. Es ist eine kultur\u00fcbergreifende Kommunikationsform, durch die sprachliche Barrieren \u00fcberwunden werden k\u00f6nnen.<\/p>\n\n\n\n<p><em>Mona Staude: &#8222;<\/em><strong>Wir sind das Volk&#8220; \u2013 Eine Genese rechter Denktraditionen anhand von Sprache<\/strong><br>Die Sprache verm\u00f6ge den Gedanken zu formen und der Gedanke f\u00fchre letzten Endes zu Taten, sagte Theodor W. Adorno. In Anbetracht des Ph\u00e4nomens &#8222;Rechtspopulismus&#8220; und dessen fast z\u00fcgelloser Sprache erlangt Adornos These gro\u00dfe Bedeutung, denn tats\u00e4chlich nimmt die rassistische, antisemitische und sexistische Gewaltbereitschaft zu. Der Vortrag widmet sich diesem Zusammenhang und liefert Einblick, inwiefern durch Sprache generations\u00fcbergreifend problematische Bewusstseinsinhalte transportiert werden.<\/p>\n\n\n\n<div style=\"height:20px\" aria-hidden=\"true\" class=\"wp-block-spacer\"><\/div>\n\n\n\n<h3 class=\"has-vivid-cyan-blue-color has-text-color has-text-align-center wp-block-heading\"><strong>Der Raum f\u00fcr interkulturelles Miteinander<\/strong><\/h3>\n\n\n\n<p>F\u00fcr ein interkulturelles Miteinander sorgte das Programm einer syrischen und einer \u00e4thiopischen Gruppe. Die aktive Teilnahme an einer \u00e4thiopischen Kaffeezeremonie, die Vorstellung \u00e4thiopischer Gew\u00e4nder und T\u00e4nze, ein reichhaltiges Buffet und ein Vortrag zur syrischen Kultur schufen eine herzliche Atmosph\u00e4re. In Folge dieses aktiven Austausches konnten viele interkulturelle Erfahrungen gesammelt werden.<\/p>\n\n\n\n<p><em>Bericht: Katharina Muschiol, Oliver Regn, Sarah Seeger, Mona Staude<\/em><br><em>Fotos: Eva Forrester<br><\/em><\/p>\n\n\n\n<figure class=\"wp-block-gallery columns-3 is-cropped wp-block-gallery-1 is-layout-flex wp-block-gallery-is-layout-flex\"><ul class=\"blocks-gallery-grid\"><li class=\"blocks-gallery-item\"><figure><a href=\"https:\/\/ethik-der-textkulturen.de\/etk\/wp-content\/uploads\/2019\/12\/11-e1575635517258.jpg\"><img loading=\"lazy\" decoding=\"async\" width=\"563\" height=\"750\" src=\"https:\/\/ethik-der-textkulturen.de\/etk\/wp-content\/uploads\/2019\/12\/11-e1575635517258-563x750.jpg\" alt=\"\" data-id=\"2828\" data-full-url=\"https:\/\/ethik-der-textkulturen.de\/etk\/wp-content\/uploads\/2019\/12\/11-e1575635517258.jpg\" data-link=\"https:\/\/ethik-der-textkulturen.de\/etk\/11\/\" class=\"wp-image-2828\" srcset=\"https:\/\/ethik-der-textkulturen.de\/etk\/wp-content\/uploads\/2019\/12\/11-e1575635517258-563x750.jpg 563w, https:\/\/ethik-der-textkulturen.de\/etk\/wp-content\/uploads\/2019\/12\/11-e1575635517258-278x370.jpg 278w, https:\/\/ethik-der-textkulturen.de\/etk\/wp-content\/uploads\/2019\/12\/11-e1575635517258-131x175.jpg 131w, https:\/\/ethik-der-textkulturen.de\/etk\/wp-content\/uploads\/2019\/12\/11-e1575635517258-768x1023.jpg 768w, https:\/\/ethik-der-textkulturen.de\/etk\/wp-content\/uploads\/2019\/12\/11-e1575635517258.jpg 1041w\" sizes=\"(max-width: 563px) 100vw, 563px\" \/><\/a><figcaption class=\"blocks-gallery-item__caption\">Mona Staude<\/figcaption><\/figure><\/li><li class=\"blocks-gallery-item\"><figure><a href=\"https:\/\/ethik-der-textkulturen.de\/etk\/wp-content\/uploads\/2019\/12\/10.jpg\"><img loading=\"lazy\" decoding=\"async\" width=\"750\" height=\"563\" src=\"https:\/\/ethik-der-textkulturen.de\/etk\/wp-content\/uploads\/2019\/12\/10-750x563.jpg\" alt=\"\" data-id=\"2827\" data-full-url=\"https:\/\/ethik-der-textkulturen.de\/etk\/wp-content\/uploads\/2019\/12\/10.jpg\" data-link=\"https:\/\/ethik-der-textkulturen.de\/etk\/10\/\" class=\"wp-image-2827\" srcset=\"https:\/\/ethik-der-textkulturen.de\/etk\/wp-content\/uploads\/2019\/12\/10-750x563.jpg 750w, https:\/\/ethik-der-textkulturen.de\/etk\/wp-content\/uploads\/2019\/12\/10-370x278.jpg 370w, https:\/\/ethik-der-textkulturen.de\/etk\/wp-content\/uploads\/2019\/12\/10-175x131.jpg 175w, https:\/\/ethik-der-textkulturen.de\/etk\/wp-content\/uploads\/2019\/12\/10-768x577.jpg 768w, https:\/\/ethik-der-textkulturen.de\/etk\/wp-content\/uploads\/2019\/12\/10-678x509.jpg 678w, https:\/\/ethik-der-textkulturen.de\/etk\/wp-content\/uploads\/2019\/12\/10-326x245.jpg 326w, https:\/\/ethik-der-textkulturen.de\/etk\/wp-content\/uploads\/2019\/12\/10-80x60.jpg 80w, https:\/\/ethik-der-textkulturen.de\/etk\/wp-content\/uploads\/2019\/12\/10.jpg 1386w\" sizes=\"(max-width: 750px) 100vw, 750px\" \/><\/a><figcaption class=\"blocks-gallery-item__caption\">Sarah Seeger<\/figcaption><\/figure><\/li><li class=\"blocks-gallery-item\"><figure><a href=\"https:\/\/ethik-der-textkulturen.de\/etk\/wp-content\/uploads\/2019\/12\/9.jpg\"><img loading=\"lazy\" decoding=\"async\" width=\"750\" height=\"563\" src=\"https:\/\/ethik-der-textkulturen.de\/etk\/wp-content\/uploads\/2019\/12\/9-750x563.jpg\" alt=\"\" data-id=\"2826\" data-full-url=\"https:\/\/ethik-der-textkulturen.de\/etk\/wp-content\/uploads\/2019\/12\/9.jpg\" data-link=\"https:\/\/ethik-der-textkulturen.de\/etk\/9\/\" class=\"wp-image-2826\" srcset=\"https:\/\/ethik-der-textkulturen.de\/etk\/wp-content\/uploads\/2019\/12\/9-750x563.jpg 750w, https:\/\/ethik-der-textkulturen.de\/etk\/wp-content\/uploads\/2019\/12\/9-370x278.jpg 370w, https:\/\/ethik-der-textkulturen.de\/etk\/wp-content\/uploads\/2019\/12\/9-175x131.jpg 175w, https:\/\/ethik-der-textkulturen.de\/etk\/wp-content\/uploads\/2019\/12\/9-768x577.jpg 768w, https:\/\/ethik-der-textkulturen.de\/etk\/wp-content\/uploads\/2019\/12\/9-678x509.jpg 678w, https:\/\/ethik-der-textkulturen.de\/etk\/wp-content\/uploads\/2019\/12\/9-326x245.jpg 326w, https:\/\/ethik-der-textkulturen.de\/etk\/wp-content\/uploads\/2019\/12\/9-80x60.jpg 80w, https:\/\/ethik-der-textkulturen.de\/etk\/wp-content\/uploads\/2019\/12\/9.jpg 1386w\" sizes=\"(max-width: 750px) 100vw, 750px\" \/><\/a><figcaption class=\"blocks-gallery-item__caption\">Oliver Regn<\/figcaption><\/figure><\/li><li class=\"blocks-gallery-item\"><figure><a href=\"https:\/\/ethik-der-textkulturen.de\/etk\/wp-content\/uploads\/2019\/12\/7-e1575635540128.jpg\"><img loading=\"lazy\" decoding=\"async\" width=\"563\" height=\"750\" src=\"https:\/\/ethik-der-textkulturen.de\/etk\/wp-content\/uploads\/2019\/12\/7-e1575635540128-563x750.jpg\" alt=\"\" data-id=\"2824\" data-full-url=\"https:\/\/ethik-der-textkulturen.de\/etk\/wp-content\/uploads\/2019\/12\/7-e1575635540128.jpg\" data-link=\"https:\/\/ethik-der-textkulturen.de\/etk\/7\/\" class=\"wp-image-2824\" srcset=\"https:\/\/ethik-der-textkulturen.de\/etk\/wp-content\/uploads\/2019\/12\/7-e1575635540128-563x750.jpg 563w, https:\/\/ethik-der-textkulturen.de\/etk\/wp-content\/uploads\/2019\/12\/7-e1575635540128-278x370.jpg 278w, https:\/\/ethik-der-textkulturen.de\/etk\/wp-content\/uploads\/2019\/12\/7-e1575635540128-131x175.jpg 131w, https:\/\/ethik-der-textkulturen.de\/etk\/wp-content\/uploads\/2019\/12\/7-e1575635540128-768x1023.jpg 768w, https:\/\/ethik-der-textkulturen.de\/etk\/wp-content\/uploads\/2019\/12\/7-e1575635540128.jpg 1041w\" sizes=\"(max-width: 563px) 100vw, 563px\" \/><\/a><figcaption class=\"blocks-gallery-item__caption\">Katharina Muschiol<\/figcaption><\/figure><\/li><li class=\"blocks-gallery-item\"><figure><a href=\"https:\/\/ethik-der-textkulturen.de\/etk\/wp-content\/uploads\/2019\/12\/1.jpg\"><img loading=\"lazy\" decoding=\"async\" width=\"750\" height=\"563\" src=\"https:\/\/ethik-der-textkulturen.de\/etk\/wp-content\/uploads\/2019\/12\/1-750x563.jpg\" alt=\"\" data-id=\"2819\" data-full-url=\"https:\/\/ethik-der-textkulturen.de\/etk\/wp-content\/uploads\/2019\/12\/1.jpg\" data-link=\"https:\/\/ethik-der-textkulturen.de\/etk\/1\/\" class=\"wp-image-2819\" srcset=\"https:\/\/ethik-der-textkulturen.de\/etk\/wp-content\/uploads\/2019\/12\/1-750x563.jpg 750w, https:\/\/ethik-der-textkulturen.de\/etk\/wp-content\/uploads\/2019\/12\/1-370x278.jpg 370w, https:\/\/ethik-der-textkulturen.de\/etk\/wp-content\/uploads\/2019\/12\/1-175x131.jpg 175w, https:\/\/ethik-der-textkulturen.de\/etk\/wp-content\/uploads\/2019\/12\/1-768x577.jpg 768w, https:\/\/ethik-der-textkulturen.de\/etk\/wp-content\/uploads\/2019\/12\/1-678x509.jpg 678w, https:\/\/ethik-der-textkulturen.de\/etk\/wp-content\/uploads\/2019\/12\/1-326x245.jpg 326w, https:\/\/ethik-der-textkulturen.de\/etk\/wp-content\/uploads\/2019\/12\/1-80x60.jpg 80w, https:\/\/ethik-der-textkulturen.de\/etk\/wp-content\/uploads\/2019\/12\/1.jpg 1386w\" sizes=\"(max-width: 750px) 100vw, 750px\" \/><\/a><\/figure><\/li><li class=\"blocks-gallery-item\"><figure><a href=\"https:\/\/ethik-der-textkulturen.de\/etk\/wp-content\/uploads\/2019\/12\/2.jpg\"><img loading=\"lazy\" decoding=\"async\" width=\"750\" height=\"563\" src=\"https:\/\/ethik-der-textkulturen.de\/etk\/wp-content\/uploads\/2019\/12\/2-750x563.jpg\" alt=\"\" data-id=\"2820\" data-full-url=\"https:\/\/ethik-der-textkulturen.de\/etk\/wp-content\/uploads\/2019\/12\/2.jpg\" data-link=\"https:\/\/ethik-der-textkulturen.de\/etk\/2\/\" class=\"wp-image-2820\" srcset=\"https:\/\/ethik-der-textkulturen.de\/etk\/wp-content\/uploads\/2019\/12\/2-750x563.jpg 750w, https:\/\/ethik-der-textkulturen.de\/etk\/wp-content\/uploads\/2019\/12\/2-370x278.jpg 370w, https:\/\/ethik-der-textkulturen.de\/etk\/wp-content\/uploads\/2019\/12\/2-175x131.jpg 175w, https:\/\/ethik-der-textkulturen.de\/etk\/wp-content\/uploads\/2019\/12\/2-768x577.jpg 768w, https:\/\/ethik-der-textkulturen.de\/etk\/wp-content\/uploads\/2019\/12\/2-678x509.jpg 678w, https:\/\/ethik-der-textkulturen.de\/etk\/wp-content\/uploads\/2019\/12\/2-326x245.jpg 326w, https:\/\/ethik-der-textkulturen.de\/etk\/wp-content\/uploads\/2019\/12\/2-80x60.jpg 80w, https:\/\/ethik-der-textkulturen.de\/etk\/wp-content\/uploads\/2019\/12\/2.jpg 1386w\" sizes=\"(max-width: 750px) 100vw, 750px\" \/><\/a><\/figure><\/li><li class=\"blocks-gallery-item\"><figure><a href=\"https:\/\/ethik-der-textkulturen.de\/etk\/wp-content\/uploads\/2019\/12\/3.jpg\"><img loading=\"lazy\" decoding=\"async\" width=\"1386\" height=\"1041\" src=\"https:\/\/ethik-der-textkulturen.de\/etk\/wp-content\/uploads\/2019\/12\/3-750x563.jpg\" alt=\"\" data-id=\"2821\" data-full-url=\"https:\/\/ethik-der-textkulturen.de\/etk\/wp-content\/uploads\/2019\/12\/3.jpg\" data-link=\"https:\/\/ethik-der-textkulturen.de\/etk\/3\/\" class=\"wp-image-2821\" srcset=\"https:\/\/ethik-der-textkulturen.de\/etk\/wp-content\/uploads\/2019\/12\/3-750x563.jpg 750w, https:\/\/ethik-der-textkulturen.de\/etk\/wp-content\/uploads\/2019\/12\/3-370x278.jpg 370w, https:\/\/ethik-der-textkulturen.de\/etk\/wp-content\/uploads\/2019\/12\/3-175x131.jpg 175w, https:\/\/ethik-der-textkulturen.de\/etk\/wp-content\/uploads\/2019\/12\/3-768x577.jpg 768w, https:\/\/ethik-der-textkulturen.de\/etk\/wp-content\/uploads\/2019\/12\/3-678x509.jpg 678w, https:\/\/ethik-der-textkulturen.de\/etk\/wp-content\/uploads\/2019\/12\/3-326x245.jpg 326w, https:\/\/ethik-der-textkulturen.de\/etk\/wp-content\/uploads\/2019\/12\/3-80x60.jpg 80w, https:\/\/ethik-der-textkulturen.de\/etk\/wp-content\/uploads\/2019\/12\/3.jpg 1386w\" sizes=\"(max-width: 1386px) 100vw, 1386px\" \/><\/a><\/figure><\/li><li class=\"blocks-gallery-item\"><figure><a href=\"https:\/\/ethik-der-textkulturen.de\/etk\/wp-content\/uploads\/2019\/12\/4.jpg\"><img loading=\"lazy\" decoding=\"async\" width=\"750\" height=\"563\" src=\"https:\/\/ethik-der-textkulturen.de\/etk\/wp-content\/uploads\/2019\/12\/4-750x563.jpg\" alt=\"\" data-id=\"2822\" data-full-url=\"https:\/\/ethik-der-textkulturen.de\/etk\/wp-content\/uploads\/2019\/12\/4.jpg\" data-link=\"https:\/\/ethik-der-textkulturen.de\/etk\/4\/\" class=\"wp-image-2822\" srcset=\"https:\/\/ethik-der-textkulturen.de\/etk\/wp-content\/uploads\/2019\/12\/4-750x563.jpg 750w, https:\/\/ethik-der-textkulturen.de\/etk\/wp-content\/uploads\/2019\/12\/4-370x278.jpg 370w, https:\/\/ethik-der-textkulturen.de\/etk\/wp-content\/uploads\/2019\/12\/4-175x131.jpg 175w, https:\/\/ethik-der-textkulturen.de\/etk\/wp-content\/uploads\/2019\/12\/4-768x577.jpg 768w, https:\/\/ethik-der-textkulturen.de\/etk\/wp-content\/uploads\/2019\/12\/4-678x509.jpg 678w, https:\/\/ethik-der-textkulturen.de\/etk\/wp-content\/uploads\/2019\/12\/4-326x245.jpg 326w, https:\/\/ethik-der-textkulturen.de\/etk\/wp-content\/uploads\/2019\/12\/4-80x60.jpg 80w, https:\/\/ethik-der-textkulturen.de\/etk\/wp-content\/uploads\/2019\/12\/4.jpg 1386w\" sizes=\"(max-width: 750px) 100vw, 750px\" \/><\/a><\/figure><\/li><li class=\"blocks-gallery-item\"><figure><a href=\"https:\/\/ethik-der-textkulturen.de\/etk\/wp-content\/uploads\/2019\/12\/5.jpg\"><img loading=\"lazy\" decoding=\"async\" width=\"750\" height=\"563\" src=\"https:\/\/ethik-der-textkulturen.de\/etk\/wp-content\/uploads\/2019\/12\/5-750x563.jpg\" alt=\"\" data-id=\"2638\" data-full-url=\"https:\/\/ethik-der-textkulturen.de\/etk\/wp-content\/uploads\/2019\/12\/5.jpg\" data-link=\"https:\/\/ethik-der-textkulturen.de\/etk\/5\/\" class=\"wp-image-2638\" srcset=\"https:\/\/ethik-der-textkulturen.de\/etk\/wp-content\/uploads\/2019\/12\/5-750x563.jpg 750w, https:\/\/ethik-der-textkulturen.de\/etk\/wp-content\/uploads\/2019\/12\/5-370x278.jpg 370w, https:\/\/ethik-der-textkulturen.de\/etk\/wp-content\/uploads\/2019\/12\/5-175x131.jpg 175w, https:\/\/ethik-der-textkulturen.de\/etk\/wp-content\/uploads\/2019\/12\/5-768x577.jpg 768w, https:\/\/ethik-der-textkulturen.de\/etk\/wp-content\/uploads\/2019\/12\/5-678x509.jpg 678w, https:\/\/ethik-der-textkulturen.de\/etk\/wp-content\/uploads\/2019\/12\/5-326x245.jpg 326w, https:\/\/ethik-der-textkulturen.de\/etk\/wp-content\/uploads\/2019\/12\/5-80x60.jpg 80w, https:\/\/ethik-der-textkulturen.de\/etk\/wp-content\/uploads\/2019\/12\/5.jpg 1386w\" sizes=\"(max-width: 750px) 100vw, 750px\" \/><\/a><\/figure><\/li><li class=\"blocks-gallery-item\"><figure><a href=\"https:\/\/ethik-der-textkulturen.de\/etk\/wp-content\/uploads\/2019\/12\/6.jpg\"><img loading=\"lazy\" decoding=\"async\" width=\"750\" height=\"563\" src=\"https:\/\/ethik-der-textkulturen.de\/etk\/wp-content\/uploads\/2019\/12\/6-750x563.jpg\" alt=\"\" data-id=\"2823\" data-full-url=\"https:\/\/ethik-der-textkulturen.de\/etk\/wp-content\/uploads\/2019\/12\/6.jpg\" data-link=\"https:\/\/ethik-der-textkulturen.de\/etk\/6\/\" class=\"wp-image-2823\" srcset=\"https:\/\/ethik-der-textkulturen.de\/etk\/wp-content\/uploads\/2019\/12\/6-750x563.jpg 750w, https:\/\/ethik-der-textkulturen.de\/etk\/wp-content\/uploads\/2019\/12\/6-370x278.jpg 370w, https:\/\/ethik-der-textkulturen.de\/etk\/wp-content\/uploads\/2019\/12\/6-175x131.jpg 175w, https:\/\/ethik-der-textkulturen.de\/etk\/wp-content\/uploads\/2019\/12\/6-768x577.jpg 768w, https:\/\/ethik-der-textkulturen.de\/etk\/wp-content\/uploads\/2019\/12\/6-678x509.jpg 678w, https:\/\/ethik-der-textkulturen.de\/etk\/wp-content\/uploads\/2019\/12\/6-326x245.jpg 326w, https:\/\/ethik-der-textkulturen.de\/etk\/wp-content\/uploads\/2019\/12\/6-80x60.jpg 80w, https:\/\/ethik-der-textkulturen.de\/etk\/wp-content\/uploads\/2019\/12\/6.jpg 1386w\" sizes=\"(max-width: 750px) 100vw, 750px\" \/><\/a><\/figure><\/li><li class=\"blocks-gallery-item\"><figure><a href=\"https:\/\/ethik-der-textkulturen.de\/etk\/wp-content\/uploads\/2019\/12\/8.jpg\"><img loading=\"lazy\" decoding=\"async\" width=\"750\" height=\"563\" src=\"https:\/\/ethik-der-textkulturen.de\/etk\/wp-content\/uploads\/2019\/12\/8-750x563.jpg\" alt=\"\" data-id=\"2825\" data-full-url=\"https:\/\/ethik-der-textkulturen.de\/etk\/wp-content\/uploads\/2019\/12\/8.jpg\" data-link=\"https:\/\/ethik-der-textkulturen.de\/etk\/8\/\" class=\"wp-image-2825\" srcset=\"https:\/\/ethik-der-textkulturen.de\/etk\/wp-content\/uploads\/2019\/12\/8-750x563.jpg 750w, https:\/\/ethik-der-textkulturen.de\/etk\/wp-content\/uploads\/2019\/12\/8-370x278.jpg 370w, https:\/\/ethik-der-textkulturen.de\/etk\/wp-content\/uploads\/2019\/12\/8-175x131.jpg 175w, https:\/\/ethik-der-textkulturen.de\/etk\/wp-content\/uploads\/2019\/12\/8-768x577.jpg 768w, https:\/\/ethik-der-textkulturen.de\/etk\/wp-content\/uploads\/2019\/12\/8-678x509.jpg 678w, https:\/\/ethik-der-textkulturen.de\/etk\/wp-content\/uploads\/2019\/12\/8-326x245.jpg 326w, https:\/\/ethik-der-textkulturen.de\/etk\/wp-content\/uploads\/2019\/12\/8-80x60.jpg 80w, https:\/\/ethik-der-textkulturen.de\/etk\/wp-content\/uploads\/2019\/12\/8.jpg 1386w\" sizes=\"(max-width: 750px) 100vw, 750px\" \/><\/a><\/figure><\/li><\/ul><\/figure>\n","protected":false},"excerpt":{"rendered":"<div class=\"mh-excerpt\"><p>&nbsp;Kulturen im Dialog Unter dem Motto &#8222;Kulturen im Dialog&#8220; gestalteten vier Studierende des Masterstudiengangs Ethik der Textkulturen unter Betreuung von Eva Forrester einen Beitrag zur <a class=\"mh-excerpt-more\" href=\"https:\/\/ethik-der-textkulturen.de\/etk\/bericht-die-lange-nacht-der-wissenschaften\/\" title=\"Bericht: Die Lange Nacht der Wissenschaften 2019\">[&#8230;]<\/a><\/p>\n<\/div>","protected":false},"author":10,"featured_media":2861,"comment_status":"closed","ping_status":"open","sticky":false,"template":"","format":"standard","meta":{"footnotes":""},"categories":[2,1],"tags":[],"_links":{"self":[{"href":"https:\/\/ethik-der-textkulturen.de\/etk\/wp-json\/wp\/v2\/posts\/2797"}],"collection":[{"href":"https:\/\/ethik-der-textkulturen.de\/etk\/wp-json\/wp\/v2\/posts"}],"about":[{"href":"https:\/\/ethik-der-textkulturen.de\/etk\/wp-json\/wp\/v2\/types\/post"}],"author":[{"embeddable":true,"href":"https:\/\/ethik-der-textkulturen.de\/etk\/wp-json\/wp\/v2\/users\/10"}],"replies":[{"embeddable":true,"href":"https:\/\/ethik-der-textkulturen.de\/etk\/wp-json\/wp\/v2\/comments?post=2797"}],"version-history":[{"count":3,"href":"https:\/\/ethik-der-textkulturen.de\/etk\/wp-json\/wp\/v2\/posts\/2797\/revisions"}],"predecessor-version":[{"id":2864,"href":"https:\/\/ethik-der-textkulturen.de\/etk\/wp-json\/wp\/v2\/posts\/2797\/revisions\/2864"}],"wp:featuredmedia":[{"embeddable":true,"href":"https:\/\/ethik-der-textkulturen.de\/etk\/wp-json\/wp\/v2\/media\/2861"}],"wp:attachment":[{"href":"https:\/\/ethik-der-textkulturen.de\/etk\/wp-json\/wp\/v2\/media?parent=2797"}],"wp:term":[{"taxonomy":"category","embeddable":true,"href":"https:\/\/ethik-der-textkulturen.de\/etk\/wp-json\/wp\/v2\/categories?post=2797"},{"taxonomy":"post_tag","embeddable":true,"href":"https:\/\/ethik-der-textkulturen.de\/etk\/wp-json\/wp\/v2\/tags?post=2797"}],"curies":[{"name":"wp","href":"https:\/\/api.w.org\/{rel}","templated":true}]}}