{"id":2100,"date":"2018-07-06T15:56:04","date_gmt":"2018-07-06T13:56:04","guid":{"rendered":"http:\/\/ethik-msc.phil.uni-augsburg.de\/?p=2100"},"modified":"2020-04-10T10:06:47","modified_gmt":"2020-04-10T08:06:47","slug":"tagung-ohne-leitbilder-vom-nutzen-und-nachteil-der-tradition-fuer-das-leben","status":"publish","type":"post","link":"https:\/\/ethik-der-textkulturen.de\/etk\/tagung-ohne-leitbilder-vom-nutzen-und-nachteil-der-tradition-fuer-das-leben\/","title":{"rendered":"Tagung \u00bbOhne Leitbilder? Vom Nutzen und Nachteil der Tradition f\u00fcr das Leben\u00ab"},"content":{"rendered":"<h3>Tagung \u00bbOhne Leitbilder? Vom Nutzen und Nachteil der Tradition f\u00fcr das Leben\u00ab<\/h3>\n<p><strong>19.\u201321. Juli 2018<\/strong><\/p>\n<p><strong>Do.\/Fr.:<\/strong> <a href=\"https:\/\/osm.rrze.fau.de\/map-ll-osm?mlat=49.598712&amp;mlon=11.005088&amp;zoom=17\" target=\"_blank\" rel=\"noopener noreferrer\">Orangerie\/Wassersaal, Schlossgarten 1, 91054 Erlangen [Karte]<\/a><br \/>\n<strong>Sa.:<\/strong> <a href=\"https:\/\/osm.rrze.fau.de\/map-ll-osm?mlat=49.600526&amp;mlon=11.015522&amp;zoom=17\" target=\"_blank\" rel=\"noopener noreferrer\">B 301, Bismarckstra\u00dfe 1, 91054 Erlangen [Karte]<\/a><\/p>\n<p><img loading=\"lazy\" decoding=\"async\" class=\"wp-image-2118 size-medium alignright\" src=\"https:\/\/ethik-der-textkulturen.de\/etk\/wp-content\/uploads\/2018\/07\/Tagungsposter_Header_gerahmt-370x214.jpg\" alt=\"\" width=\"370\" height=\"214\" srcset=\"https:\/\/ethik-der-textkulturen.de\/etk\/wp-content\/uploads\/2018\/07\/Tagungsposter_Header_gerahmt-370x214.jpg 370w, https:\/\/ethik-der-textkulturen.de\/etk\/wp-content\/uploads\/2018\/07\/Tagungsposter_Header_gerahmt-175x101.jpg 175w, https:\/\/ethik-der-textkulturen.de\/etk\/wp-content\/uploads\/2018\/07\/Tagungsposter_Header_gerahmt-768x444.jpg 768w, https:\/\/ethik-der-textkulturen.de\/etk\/wp-content\/uploads\/2018\/07\/Tagungsposter_Header_gerahmt-750x433.jpg 750w\" sizes=\"(max-width: 370px) 100vw, 370px\" \/><\/p>\n<p><strong>Hier finden Sie das komplette Tagungsprogramm als PDF:<\/strong> <a href=\"https:\/\/ethik-der-textkulturen.de\/etk\/wp-content\/uploads\/2018\/07\/FAU-PHIL-Poster-Din_A1_Programm1.pdf\" target=\"_blank\" rel=\"noopener noreferrer\">Programm \u00bbOhne Leitbilder? Vom Nutzen und Nachteil der Tradition f\u00fcr das Leben\u00ab<\/a><\/p>\n<p><strong>Hier finden Sie die Einladung zur Podiumsdiskussion am Do., dem 19.07.2018, als PDF:<\/strong> <a href=\"https:\/\/ethik-der-textkulturen.de\/etk\/wp-content\/uploads\/2018\/07\/FAU-PHIL-Poster-Din_A1_Podiumsdiskussion.pdf\" target=\"_blank\" rel=\"noopener noreferrer\">Einladung Podiumsdiskussion<\/a><\/p>\n<p>Die Tagung zielt auf die Befragung verschiedenster Konzeptionen und Denkans\u00e4tze zum Thema Tradition, einem Begriff, der in den vergangenen Jahren verst\u00e4rkt in den Fokus geraten ist. Ob im Rahmen demagogischer Narrative der sowohl in Europa als auch weltweit wiederauflebenden populistischen Str\u00f6mungen oder, in gem\u00e4\u00dfigterer Form, als schiere Sehnsucht nach identit\u00e4tsstiftenden Werten in der Mitte der Gesellschaft \u2013 die Klage \u00fcber den Verlust von Tradition ist in aller Munde. In Deutschland ist etwa polemisch vom \u00bbletzten Deutschen\u00ab (Botho Strau\u00df) oder vom bedenklichen Verzicht auf \u00bbdie eigene Identit\u00e4t, Herkunft und Kultur\u00ab die Rede (Cato 1\/2017). Eine der Fragen, mit denen sich die Tagung vor diesem Hintergrund auseinandersetzen wird, lautet, welche problematischen Formen Tradition in einem gewandelten globalen Setting im Sprachgebrauch, in kulturellen Praktiken und institutionellen Konfigurationen annehmen kann und wie diese beurteilt werden k\u00f6nnen. Trotz der Gefahren, die mit Traditionsdenken einhergehen, soll Tradition auf der Tagung gleichwohl nicht nur einseitig als lediglich problembehaftete Kategorie betrachtet werden. Diskutiert werden sollen auch solche Gehalte von Tradition, die f\u00fcr ein gesellschaftliches Miteinander durchaus bedenkenswert sind und \u2013 sowohl in den USA als auch in Deutschland \u2013 wieder ins Zentrum der politischen Aufmerksamkeit r\u00fccken.<\/p>\n<p>Organisiert wird die Tagung vom Lehrstuhl f\u00fcr Neuere deutsche Literaturgeschichte der FAU Erlangen-N\u00fcrnberg (Prof. Dr. Christine Lubkoll), dem Elite-Studiengang Ethik der Textkulturen und dem German Studies Department der Brown University, Providence\/USA (Prof. Dr. Gerhard H. Richter). Um die Kooperation der beiden Universit\u00e4ten zu intensivieren, soll nun einem Feld aus Vortragenden, bestehend aus 5 Promovierenden der Erlanger Germanistik, 5 Studierenden des Studiengangs ETK und 5 Graduate Students der Brown University ein institutioneller Austausch erm\u00f6glicht werden. Im Rahmen der ersten gemeinsamen Tagung am 19., 20. und 21. Juli wird der Chair des Brown German Studies Departments, Prof. Dr. Gerhard Richter, einen Vortrag zum Thema Tradition halten.<\/p>\n","protected":false},"excerpt":{"rendered":"<div class=\"mh-excerpt\"><p>Tagung \u00bbOhne Leitbilder? Vom Nutzen und Nachteil der Tradition f\u00fcr das Leben\u00ab 19.\u201321. Juli 2018 Do.\/Fr.: Orangerie\/Wassersaal, Schlossgarten 1, 91054 Erlangen [Karte] Sa.: B 301, <a class=\"mh-excerpt-more\" href=\"https:\/\/ethik-der-textkulturen.de\/etk\/tagung-ohne-leitbilder-vom-nutzen-und-nachteil-der-tradition-fuer-das-leben\/\" title=\"Tagung \u00bbOhne Leitbilder? Vom Nutzen und Nachteil der Tradition f\u00fcr das Leben\u00ab\">[&#8230;]<\/a><\/p>\n<\/div>","protected":false},"author":10,"featured_media":2101,"comment_status":"closed","ping_status":"open","sticky":false,"template":"","format":"standard","meta":{"footnotes":""},"categories":[2,1],"tags":[],"_links":{"self":[{"href":"https:\/\/ethik-der-textkulturen.de\/etk\/wp-json\/wp\/v2\/posts\/2100"}],"collection":[{"href":"https:\/\/ethik-der-textkulturen.de\/etk\/wp-json\/wp\/v2\/posts"}],"about":[{"href":"https:\/\/ethik-der-textkulturen.de\/etk\/wp-json\/wp\/v2\/types\/post"}],"author":[{"embeddable":true,"href":"https:\/\/ethik-der-textkulturen.de\/etk\/wp-json\/wp\/v2\/users\/10"}],"replies":[{"embeddable":true,"href":"https:\/\/ethik-der-textkulturen.de\/etk\/wp-json\/wp\/v2\/comments?post=2100"}],"version-history":[{"count":18,"href":"https:\/\/ethik-der-textkulturen.de\/etk\/wp-json\/wp\/v2\/posts\/2100\/revisions"}],"predecessor-version":[{"id":3075,"href":"https:\/\/ethik-der-textkulturen.de\/etk\/wp-json\/wp\/v2\/posts\/2100\/revisions\/3075"}],"wp:featuredmedia":[{"embeddable":true,"href":"https:\/\/ethik-der-textkulturen.de\/etk\/wp-json\/wp\/v2\/media\/2101"}],"wp:attachment":[{"href":"https:\/\/ethik-der-textkulturen.de\/etk\/wp-json\/wp\/v2\/media?parent=2100"}],"wp:term":[{"taxonomy":"category","embeddable":true,"href":"https:\/\/ethik-der-textkulturen.de\/etk\/wp-json\/wp\/v2\/categories?post=2100"},{"taxonomy":"post_tag","embeddable":true,"href":"https:\/\/ethik-der-textkulturen.de\/etk\/wp-json\/wp\/v2\/tags?post=2100"}],"curies":[{"name":"wp","href":"https:\/\/api.w.org\/{rel}","templated":true}]}}