{"id":2052,"date":"2018-06-07T12:48:52","date_gmt":"2018-06-07T10:48:52","guid":{"rendered":"http:\/\/ethik-msc.phil.uni-augsburg.de\/?p=2052"},"modified":"2018-06-20T07:54:51","modified_gmt":"2018-06-20T05:54:51","slug":"infoveranstaltung-augsburg","status":"publish","type":"post","link":"https:\/\/ethik-der-textkulturen.de\/etk\/infoveranstaltung-augsburg\/","title":{"rendered":"Infoveranstaltung Augsburg"},"content":{"rendered":"<h3>Infoveranstaltung in Augsburg<\/h3>\n<h3><img loading=\"lazy\" decoding=\"async\" class=\"alignnone wp-image-2055\" src=\"https:\/\/ethik-der-textkulturen.de\/etk\/wp-content\/uploads\/2017\/06\/ETK-Logo-361x370.png\" alt=\"\" width=\"290\" height=\"297\"><\/h3>\n<p>F\u00fcr alle, die sich \u00fcber den Studiengang &#8222;Ethik der Textkulturen&#8220; informieren m\u00f6chten, findet in Augsburg (<strong>Raum D1006<\/strong>)<br \/>\nam Donnerstag, den <strong>28. Juni 2018<\/strong> von <strong>13.15 Uhr bis 14.00 Uhr<\/strong> eine Infoveranstaltung statt. Dabei besteht die M\u00f6glichkeit<br \/>\nzum Austausch mit Dozierenden und Studierenden des Studiengangs zu den Themen Bewerbung, Studium und Perspektiven.<\/p>\n<p>&nbsp;<\/p>\n<p>Alle Interessierten sind herzlich eingeladen!<\/p>\n","protected":false},"excerpt":{"rendered":"<div class=\"mh-excerpt\"><p>Infoveranstaltung in Augsburg F\u00fcr alle, die sich \u00fcber den Studiengang &#8222;Ethik der Textkulturen&#8220; informieren m\u00f6chten, findet in Augsburg (Raum D1006) am Donnerstag, den 28. Juni <a class=\"mh-excerpt-more\" href=\"https:\/\/ethik-der-textkulturen.de\/etk\/infoveranstaltung-augsburg\/\" title=\"Infoveranstaltung Augsburg\">[&#8230;]<\/a><\/p>\n<\/div>","protected":false},"author":10,"featured_media":867,"comment_status":"closed","ping_status":"open","sticky":false,"template":"","format":"standard","meta":{"footnotes":""},"categories":[2,1],"tags":[],"_links":{"self":[{"href":"https:\/\/ethik-der-textkulturen.de\/etk\/wp-json\/wp\/v2\/posts\/2052"}],"collection":[{"href":"https:\/\/ethik-der-textkulturen.de\/etk\/wp-json\/wp\/v2\/posts"}],"about":[{"href":"https:\/\/ethik-der-textkulturen.de\/etk\/wp-json\/wp\/v2\/types\/post"}],"author":[{"embeddable":true,"href":"https:\/\/ethik-der-textkulturen.de\/etk\/wp-json\/wp\/v2\/users\/10"}],"replies":[{"embeddable":true,"href":"https:\/\/ethik-der-textkulturen.de\/etk\/wp-json\/wp\/v2\/comments?post=2052"}],"version-history":[{"count":6,"href":"https:\/\/ethik-der-textkulturen.de\/etk\/wp-json\/wp\/v2\/posts\/2052\/revisions"}],"predecessor-version":[{"id":2083,"href":"https:\/\/ethik-der-textkulturen.de\/etk\/wp-json\/wp\/v2\/posts\/2052\/revisions\/2083"}],"wp:featuredmedia":[{"embeddable":true,"href":"https:\/\/ethik-der-textkulturen.de\/etk\/wp-json\/wp\/v2\/media\/867"}],"wp:attachment":[{"href":"https:\/\/ethik-der-textkulturen.de\/etk\/wp-json\/wp\/v2\/media?parent=2052"}],"wp:term":[{"taxonomy":"category","embeddable":true,"href":"https:\/\/ethik-der-textkulturen.de\/etk\/wp-json\/wp\/v2\/categories?post=2052"},{"taxonomy":"post_tag","embeddable":true,"href":"https:\/\/ethik-der-textkulturen.de\/etk\/wp-json\/wp\/v2\/tags?post=2052"}],"curies":[{"name":"wp","href":"https:\/\/api.w.org\/{rel}","templated":true}]}}