{"id":2039,"date":"2018-06-04T15:01:36","date_gmt":"2018-06-04T13:01:36","guid":{"rendered":"http:\/\/ethik-msc.phil.uni-augsburg.de\/?p=2039"},"modified":"2021-03-18T18:28:30","modified_gmt":"2021-03-18T16:28:30","slug":"thea-dorn-betrachtungen-eines-politischen","status":"publish","type":"post","link":"https:\/\/ethik-der-textkulturen.de\/etk\/thea-dorn-betrachtungen-eines-politischen\/","title":{"rendered":"Thea Dorn: \u00bbBetrachtungen eines Politischen\u00ab"},"content":{"rendered":"<h3>Thea Dorn \u00fcber den &#8222;Zauberberg&#8220; und Thomas Manns geistigen Wandel zum &#8222;Zivilisationsliteraten&#8220;<\/h3>\n<p>Nach Uwe Timm, Wolfgang Fr\u00fchwald und Uwe Tellkamp h\u00e4lt Thea Dorn den diesj\u00e4hrigen <strong>Augsburger Zauberberg-Vortrag<\/strong>.<\/p>\n<p><strong>Dienstag, 05.06.2018, 19:00 Uhr, im Rokokosaal der Regierung von Schwaben, Fronhof 10, Augsburg.<\/strong><\/p>\n<p>Der Eintritt ist frei.<\/p>\n","protected":false},"excerpt":{"rendered":"<div class=\"mh-excerpt\"><p>Thea Dorn \u00fcber den &#8222;Zauberberg&#8220; und Thomas Manns geistigen Wandel zum &#8222;Zivilisationsliteraten&#8220; Nach Uwe Timm, Wolfgang Fr\u00fchwald und Uwe Tellkamp h\u00e4lt Thea Dorn den diesj\u00e4hrigen <a class=\"mh-excerpt-more\" href=\"https:\/\/ethik-der-textkulturen.de\/etk\/thea-dorn-betrachtungen-eines-politischen\/\" title=\"Thea Dorn: \u00bbBetrachtungen eines Politischen\u00ab\">[&#8230;]<\/a><\/p>\n<\/div>","protected":false},"author":10,"featured_media":2045,"comment_status":"closed","ping_status":"open","sticky":false,"template":"","format":"standard","meta":{"footnotes":""},"categories":[2,1],"tags":[],"_links":{"self":[{"href":"https:\/\/ethik-der-textkulturen.de\/etk\/wp-json\/wp\/v2\/posts\/2039"}],"collection":[{"href":"https:\/\/ethik-der-textkulturen.de\/etk\/wp-json\/wp\/v2\/posts"}],"about":[{"href":"https:\/\/ethik-der-textkulturen.de\/etk\/wp-json\/wp\/v2\/types\/post"}],"author":[{"embeddable":true,"href":"https:\/\/ethik-der-textkulturen.de\/etk\/wp-json\/wp\/v2\/users\/10"}],"replies":[{"embeddable":true,"href":"https:\/\/ethik-der-textkulturen.de\/etk\/wp-json\/wp\/v2\/comments?post=2039"}],"version-history":[{"count":7,"href":"https:\/\/ethik-der-textkulturen.de\/etk\/wp-json\/wp\/v2\/posts\/2039\/revisions"}],"predecessor-version":[{"id":3441,"href":"https:\/\/ethik-der-textkulturen.de\/etk\/wp-json\/wp\/v2\/posts\/2039\/revisions\/3441"}],"wp:featuredmedia":[{"embeddable":true,"href":"https:\/\/ethik-der-textkulturen.de\/etk\/wp-json\/wp\/v2\/media\/2045"}],"wp:attachment":[{"href":"https:\/\/ethik-der-textkulturen.de\/etk\/wp-json\/wp\/v2\/media?parent=2039"}],"wp:term":[{"taxonomy":"category","embeddable":true,"href":"https:\/\/ethik-der-textkulturen.de\/etk\/wp-json\/wp\/v2\/categories?post=2039"},{"taxonomy":"post_tag","embeddable":true,"href":"https:\/\/ethik-der-textkulturen.de\/etk\/wp-json\/wp\/v2\/tags?post=2039"}],"curies":[{"name":"wp","href":"https:\/\/api.w.org\/{rel}","templated":true}]}}