{"id":1210,"date":"2015-05-29T08:24:53","date_gmt":"2015-05-29T06:24:53","guid":{"rendered":"http:\/\/ethik-msc.phil.uni-augsburg.de\/?p=1210"},"modified":"2015-05-29T08:49:59","modified_gmt":"2015-05-29T06:49:59","slug":"autorenlesung-mit-siri-hustvedt","status":"publish","type":"post","link":"https:\/\/ethik-der-textkulturen.de\/etk\/autorenlesung-mit-siri-hustvedt\/","title":{"rendered":"Autorenlesung mit Siri Hustvedt"},"content":{"rendered":"<h1>Autorenlesung mit Siri Hustvedt<\/h1>\n<h2><span style=\"color: #000000;\">|\u00a008.06.2015\u00a0|\u00a019.00 Uhr | Kleiner Goldener Saal (Jesuitengasse 12, Augsburg)\u00a0|<\/span><\/h2>\n<p><span style=\"color: #000000;\">Der Studiengang <em>Ethik der Textkulturen<\/em> und der Lehrstuhl Amerikanistik\u00a0der Universit\u00e4t Augsburg laden herzlich ein zur Autorenlesung mit Siri Hustvedt.<\/span><\/p>\n<p><span style=\"color: #000000;\">Die renommierte New Yorker Gegenwartsautorin und Essayistin wird aus ihrem neuen Roman\u00a0<em>The Blazing World\u00a0<\/em>(dt.\u00a0<em>Die glei\u00dfende Welt<\/em>) lesen.<\/span><\/p>\n<p><span style=\"color: #000000;\">Eintrittskarten sind am Lehrstuhl f\u00fcr Amerikanistik der Universit\u00e4t Augsburg erh\u00e4ltlich.<\/span><\/p>\n<p><span style=\"text-decoration: underline;\">Ansprechpartner:<\/span><br \/>\nMichael Sauter<br \/>\nLehrstuhl f\u00fcr Amerikanistik\/Studiengang \u201eEthik der Textkulturen\u201c<br \/>\nUniversit\u00e4t Augsburg<br \/>\nTelefon 0821\/598-5655<br \/>\nmichael.sauter@phil.uni-augsburg.de<\/p>\n<p><img loading=\"lazy\" decoding=\"async\" class=\"alignleft  wp-image-1212\" src=\"https:\/\/ethik-der-textkulturen.de\/etk\/wp-content\/uploads\/2015\/05\/Siri-Hustvedt-Plakat-64EE0-124x175.jpg\" alt=\"Siri Hustvedt Plakat #64EE0\" width=\"118\" height=\"166\" srcset=\"https:\/\/ethik-der-textkulturen.de\/etk\/wp-content\/uploads\/2015\/05\/Siri-Hustvedt-Plakat-64EE0-124x175.jpg 124w, https:\/\/ethik-der-textkulturen.de\/etk\/wp-content\/uploads\/2015\/05\/Siri-Hustvedt-Plakat-64EE0-262x370.jpg 262w, https:\/\/ethik-der-textkulturen.de\/etk\/wp-content\/uploads\/2015\/05\/Siri-Hustvedt-Plakat-64EE0-531x750.jpg 531w, https:\/\/ethik-der-textkulturen.de\/etk\/wp-content\/uploads\/2015\/05\/Siri-Hustvedt-Plakat-64EE0.jpg 591w\" sizes=\"(max-width: 118px) 100vw, 118px\" \/><\/p>\n","protected":false},"excerpt":{"rendered":"<div class=\"mh-excerpt\"><p>Autorenlesung mit Siri Hustvedt |\u00a008.06.2015\u00a0|\u00a019.00 Uhr | Kleiner Goldener Saal (Jesuitengasse 12, Augsburg)\u00a0| Der Studiengang Ethik der Textkulturen und der Lehrstuhl Amerikanistik\u00a0der Universit\u00e4t Augsburg laden <a class=\"mh-excerpt-more\" href=\"https:\/\/ethik-der-textkulturen.de\/etk\/autorenlesung-mit-siri-hustvedt\/\" title=\"Autorenlesung mit Siri Hustvedt\">[&#8230;]<\/a><\/p>\n<\/div>","protected":false},"author":10,"featured_media":1220,"comment_status":"closed","ping_status":"open","sticky":false,"template":"","format":"standard","meta":{"footnotes":""},"categories":[2],"tags":[],"_links":{"self":[{"href":"https:\/\/ethik-der-textkulturen.de\/etk\/wp-json\/wp\/v2\/posts\/1210"}],"collection":[{"href":"https:\/\/ethik-der-textkulturen.de\/etk\/wp-json\/wp\/v2\/posts"}],"about":[{"href":"https:\/\/ethik-der-textkulturen.de\/etk\/wp-json\/wp\/v2\/types\/post"}],"author":[{"embeddable":true,"href":"https:\/\/ethik-der-textkulturen.de\/etk\/wp-json\/wp\/v2\/users\/10"}],"replies":[{"embeddable":true,"href":"https:\/\/ethik-der-textkulturen.de\/etk\/wp-json\/wp\/v2\/comments?post=1210"}],"version-history":[{"count":3,"href":"https:\/\/ethik-der-textkulturen.de\/etk\/wp-json\/wp\/v2\/posts\/1210\/revisions"}],"predecessor-version":[{"id":1214,"href":"https:\/\/ethik-der-textkulturen.de\/etk\/wp-json\/wp\/v2\/posts\/1210\/revisions\/1214"}],"wp:featuredmedia":[{"embeddable":true,"href":"https:\/\/ethik-der-textkulturen.de\/etk\/wp-json\/wp\/v2\/media\/1220"}],"wp:attachment":[{"href":"https:\/\/ethik-der-textkulturen.de\/etk\/wp-json\/wp\/v2\/media?parent=1210"}],"wp:term":[{"taxonomy":"category","embeddable":true,"href":"https:\/\/ethik-der-textkulturen.de\/etk\/wp-json\/wp\/v2\/categories?post=1210"},{"taxonomy":"post_tag","embeddable":true,"href":"https:\/\/ethik-der-textkulturen.de\/etk\/wp-json\/wp\/v2\/tags?post=1210"}],"curies":[{"name":"wp","href":"https:\/\/api.w.org\/{rel}","templated":true}]}}