{"id":1107,"date":"2015-01-23T09:09:03","date_gmt":"2015-01-23T07:09:03","guid":{"rendered":"http:\/\/ethik-msc.phil.uni-augsburg.de\/?p=1107"},"modified":"2015-01-23T09:09:03","modified_gmt":"2015-01-23T07:09:03","slug":"der-trafikant-zu-gast-im-brecht-haus","status":"publish","type":"post","link":"https:\/\/ethik-der-textkulturen.de\/etk\/der-trafikant-zu-gast-im-brecht-haus\/","title":{"rendered":"Der Trafikant zu Gast im Brecht-Haus"},"content":{"rendered":"<h1><span style=\"color: #000000;\">Der Trafikant zu Gast im Brecht-Haus<\/span><\/h1>\n<h2><span style=\"color: #000000;\">|\u00a0Donnerstag, 29. Januar 2015 | Brecht-Haus | 20.00 Uhr |<\/span><\/h2>\n<p>&nbsp;<\/p>\n<p>Wie bereitet die Provinz einen jungen Menschen vor, der erst in den Trubel der Gro\u00dfstadt Wien und dann in den Strudel der Liebe und des heraufziehenden Krieges ger\u00e4t? Wie gestaltet sich also der Prozess des Erwachsenwerdens vor den genannten Hintergr\u00fcnden? Und welche Rolle spielt dabei die Figur Sigmund Freud, die im Angesicht des kommenden Exils immer fragiler wird? Vielleicht zeigt sie eines: Dass die M\u00f6glichkeit des Erfahrungsaustausches schlie\u00dflich in die M\u00fcndigkeit f\u00fchrt. Eine M\u00fcndigkeit, die mit dem Auffinden einer eigenen Sprache und der F\u00e4higkeit zu erz\u00e4hlen einhergeht.<\/p>\n<p>&nbsp;<\/p>\n<p>Diese und andere Fragen wirft Robert Seethalers Buch \u201eDer Trafikant\u201c auf, \u00fcber das im Rahmen der Initiative Augsburg liest ein Buch aus literarischer, literaturwissenschaftlicher und philosophischer Sicht diskutiert werden soll.<\/p>\n<p>&nbsp;<\/p>\n<p>Es diskutieren Lydia Daher, Dr. Gerhard Hofweber und Dr. Franz Fromholzer.<\/p>\n<p>&nbsp;<\/p>\n","protected":false},"excerpt":{"rendered":"<div class=\"mh-excerpt\"><p>Der Trafikant zu Gast im Brecht-Haus |\u00a0Donnerstag, 29. Januar 2015 | Brecht-Haus | 20.00 Uhr | &nbsp; Wie bereitet die Provinz einen jungen Menschen vor, <a class=\"mh-excerpt-more\" href=\"https:\/\/ethik-der-textkulturen.de\/etk\/der-trafikant-zu-gast-im-brecht-haus\/\" title=\"Der Trafikant zu Gast im Brecht-Haus\">[&#8230;]<\/a><\/p>\n<\/div>","protected":false},"author":10,"featured_media":867,"comment_status":"closed","ping_status":"open","sticky":false,"template":"","format":"standard","meta":{"footnotes":""},"categories":[2],"tags":[],"_links":{"self":[{"href":"https:\/\/ethik-der-textkulturen.de\/etk\/wp-json\/wp\/v2\/posts\/1107"}],"collection":[{"href":"https:\/\/ethik-der-textkulturen.de\/etk\/wp-json\/wp\/v2\/posts"}],"about":[{"href":"https:\/\/ethik-der-textkulturen.de\/etk\/wp-json\/wp\/v2\/types\/post"}],"author":[{"embeddable":true,"href":"https:\/\/ethik-der-textkulturen.de\/etk\/wp-json\/wp\/v2\/users\/10"}],"replies":[{"embeddable":true,"href":"https:\/\/ethik-der-textkulturen.de\/etk\/wp-json\/wp\/v2\/comments?post=1107"}],"version-history":[{"count":5,"href":"https:\/\/ethik-der-textkulturen.de\/etk\/wp-json\/wp\/v2\/posts\/1107\/revisions"}],"predecessor-version":[{"id":1112,"href":"https:\/\/ethik-der-textkulturen.de\/etk\/wp-json\/wp\/v2\/posts\/1107\/revisions\/1112"}],"wp:featuredmedia":[{"embeddable":true,"href":"https:\/\/ethik-der-textkulturen.de\/etk\/wp-json\/wp\/v2\/media\/867"}],"wp:attachment":[{"href":"https:\/\/ethik-der-textkulturen.de\/etk\/wp-json\/wp\/v2\/media?parent=1107"}],"wp:term":[{"taxonomy":"category","embeddable":true,"href":"https:\/\/ethik-der-textkulturen.de\/etk\/wp-json\/wp\/v2\/categories?post=1107"},{"taxonomy":"post_tag","embeddable":true,"href":"https:\/\/ethik-der-textkulturen.de\/etk\/wp-json\/wp\/v2\/tags?post=1107"}],"curies":[{"name":"wp","href":"https:\/\/api.w.org\/{rel}","templated":true}]}}